{"id":64,"date":"2020-03-06T12:45:11","date_gmt":"2020-03-06T12:45:11","guid":{"rendered":"http:\/\/blog.foodeals.ma\/?p=64"},"modified":"2020-03-11T12:12:34","modified_gmt":"2020-03-11T12:12:34","slug":"50-000-tonnes-de-clementines-detruitesune-crise-sans-precedent","status":"publish","type":"post","link":"https:\/\/www.foodeals.ma\/blog\/50-000-tonnes-de-clementines-detruitesune-crise-sans-precedent\/","title":{"rendered":"50.000 tonnes de cl\u00e9mentines d\u00e9truites!Une crise \u2018\u2018sans pr\u00e9c\u00e9dent\u2019\u2019"},"content":{"rendered":"\n<p>Devant son incapacit\u00e9 d\u2019exporter ,le petit agriculteur Marocain se trouve oblig\u00e9 de d\u00e9truire des tonnes de cl\u00e9mentines,qu\u2019il a produit pendant des mois . R\u00c9SULTAT! 50.000 tonnes de cl\u00e9mentines jet\u00e9es dans la nature, alors que le prix de la cl\u00e9mentine reste \u00e9lev\u00e9 sur le march\u00e9, suite \u00e0 une\u00a0 production trop importante par rapport au march\u00e9 des agrumes.<em>\u201cPour une semaine de travail d\u2019un agriculteur, 3 jours en moyenne sont d\u00e9di\u00e9s \u00e0 ne produire que des aliments qui seront ensuite jet\u00e9s\u201d, e<\/em>stime la FAO pour la r\u00e9gion MENA. <\/p>\n\n\n\n<figure class=\"wp-block-gallery columns-2 is-cropped\"><ul class=\"blocks-gallery-grid\"><li class=\"blocks-gallery-item\"><figure><img loading=\"lazy\" width=\"1024\" height=\"671\" src=\"http:\/\/blog.foodeals.ma\/wp-content\/uploads\/2020\/03\/Oh_my_darling-1-1024x671.jpg\" alt=\"\" data-id=\"165\" data-link=\"http:\/\/blog.foodeals.ma\/50-000-tonnes-de-clementines-detruitesune-crise-sans-precedent\/oh_my_darling-1\/\" class=\"wp-image-165\" srcset=\"https:\/\/www.foodeals.ma\/blog\/wp-content\/uploads\/2020\/03\/Oh_my_darling-1-1024x671.jpg 1024w, https:\/\/www.foodeals.ma\/blog\/wp-content\/uploads\/2020\/03\/Oh_my_darling-1-300x197.jpg 300w, https:\/\/www.foodeals.ma\/blog\/wp-content\/uploads\/2020\/03\/Oh_my_darling-1-768x503.jpg 768w, https:\/\/www.foodeals.ma\/blog\/wp-content\/uploads\/2020\/03\/Oh_my_darling-1-370x242.jpg 370w, https:\/\/www.foodeals.ma\/blog\/wp-content\/uploads\/2020\/03\/Oh_my_darling-1-760x498.jpg 760w, https:\/\/www.foodeals.ma\/blog\/wp-content\/uploads\/2020\/03\/Oh_my_darling-1.jpg 1331w\" sizes=\"(max-width: 1024px) 100vw, 1024px\" \/><\/figure><\/li><li class=\"blocks-gallery-item\"><figure><img loading=\"lazy\" width=\"590\" height=\"320\" src=\"http:\/\/blog.foodeals.ma\/wp-content\/uploads\/2020\/03\/\u062a\u0627\u0631\u0648\u062f\u0627\u0646\u062a-\u0625\u062a\u0644\u0627\u0641-\u0623\u0637\u0646\u0627\u0646-\u0645\u0646-\u0627\u0644\u0628\u0631\u062a\u0642\u0627\u0644-\u0644\u0631\u0641\u0639-\u062b\u0645\u0646\u0647\u0627-\u0641\u064a-\u0627\u0644\u0623\u0633\u0648\u0627\u0642-\u0635\u0648\u0631.jpg\" alt=\"\" data-id=\"166\" data-full-url=\"http:\/\/blog.foodeals.ma\/wp-content\/uploads\/2020\/03\/\u062a\u0627\u0631\u0648\u062f\u0627\u0646\u062a-\u0625\u062a\u0644\u0627\u0641-\u0623\u0637\u0646\u0627\u0646-\u0645\u0646-\u0627\u0644\u0628\u0631\u062a\u0642\u0627\u0644-\u0644\u0631\u0641\u0639-\u062b\u0645\u0646\u0647\u0627-\u0641\u064a-\u0627\u0644\u0623\u0633\u0648\u0627\u0642-\u0635\u0648\u0631.jpg\" data-link=\"http:\/\/blog.foodeals.ma\/50-000-tonnes-de-clementines-detruitesune-crise-sans-precedent\/%d8%aa%d8%a7%d8%b1%d9%88%d8%af%d8%a7%d9%86%d8%aa-%d8%a5%d8%aa%d9%84%d8%a7%d9%81-%d8%a3%d8%b7%d9%86%d8%a7%d9%86-%d9%85%d9%86-%d8%a7%d9%84%d8%a8%d8%b1%d8%aa%d9%82%d8%a7%d9%84-%d9%84%d8%b1%d9%81%d8%b9\/\" class=\"wp-image-166\" srcset=\"https:\/\/www.foodeals.ma\/blog\/wp-content\/uploads\/2020\/03\/\u062a\u0627\u0631\u0648\u062f\u0627\u0646\u062a-\u0625\u062a\u0644\u0627\u0641-\u0623\u0637\u0646\u0627\u0646-\u0645\u0646-\u0627\u0644\u0628\u0631\u062a\u0642\u0627\u0644-\u0644\u0631\u0641\u0639-\u062b\u0645\u0646\u0647\u0627-\u0641\u064a-\u0627\u0644\u0623\u0633\u0648\u0627\u0642-\u0635\u0648\u0631.jpg 590w, https:\/\/www.foodeals.ma\/blog\/wp-content\/uploads\/2020\/03\/\u062a\u0627\u0631\u0648\u062f\u0627\u0646\u062a-\u0625\u062a\u0644\u0627\u0641-\u0623\u0637\u0646\u0627\u0646-\u0645\u0646-\u0627\u0644\u0628\u0631\u062a\u0642\u0627\u0644-\u0644\u0631\u0641\u0639-\u062b\u0645\u0646\u0647\u0627-\u0641\u064a-\u0627\u0644\u0623\u0633\u0648\u0627\u0642-\u0635\u0648\u0631-300x163.jpg 300w, https:\/\/www.foodeals.ma\/blog\/wp-content\/uploads\/2020\/03\/\u062a\u0627\u0631\u0648\u062f\u0627\u0646\u062a-\u0625\u062a\u0644\u0627\u0641-\u0623\u0637\u0646\u0627\u0646-\u0645\u0646-\u0627\u0644\u0628\u0631\u062a\u0642\u0627\u0644-\u0644\u0631\u0641\u0639-\u062b\u0645\u0646\u0647\u0627-\u0641\u064a-\u0627\u0644\u0623\u0633\u0648\u0627\u0642-\u0635\u0648\u0631-370x201.jpg 370w\" sizes=\"(max-width: 590px) 100vw, 590px\" \/><\/figure><\/li><\/ul><\/figure>\n\n\n\n<p>En effet,malgr\u00e9 une hausse de 15 % des r\u00e9coltes en 2018-2019 (2,62 millions de tonnes contre 2,28 millions de tonnes en 2017-2018), la fili\u00e8re agrumicole est confront\u00e9e \u00e0 une crise <em>\u201csans pr\u00e9c\u00e9dent\u201d<\/em> qui se caract\u00e9rise par un effondrement des prix sur le march\u00e9 international. Les premi\u00e8res estimations des professionnels du secteur \u00e9valuent les pertes de la campagne pr\u00e9c\u00e9dente \u00e0 2 milliards de dirhams.<em>\u201cCette situation est la conjugaison de plusieurs facteurs, \u00e0 savoir une production exceptionnelle d\u2019agrumes au niveau de tout le bassin m\u00e9diterran\u00e9en, un retard de maturit\u00e9 de 4 \u00e0 5 semaines et des difficult\u00e9s d\u2019\u00e9coulement commercial tant \u00e0 l\u2019export qu\u2019au niveau du march\u00e9 local\u201d, <\/em>relate le communiqu\u00e9 de Maroc Citrus, en d\u2019autre terme, il s\u2019agit d\u2019une surproduction agricole exceptionnelle, &nbsp;traduite par une augmentation exceptionnelle des produits invendus.&nbsp;<\/p>\n\n\n\n<p><br><\/p>\n\n\n\n<p><\/p>\n","protected":false},"excerpt":{"rendered":"<p>Devant son incapacit\u00e9 d\u2019exporter ,le petit agriculteur Marocain se trouve oblig\u00e9 de d\u00e9truire des tonnes de cl\u00e9mentines,qu\u2019il a produit pendant des mois . R\u00c9SULTAT! 50.000 tonnes de cl\u00e9mentines jet\u00e9es dans&hellip;<\/p>\n","protected":false},"author":1,"featured_media":158,"comment_status":"open","ping_status":"open","sticky":false,"template":"","format":"standard","meta":[],"categories":[2],"tags":[],"_links":{"self":[{"href":"https:\/\/www.foodeals.ma\/blog\/wp-json\/wp\/v2\/posts\/64"}],"collection":[{"href":"https:\/\/www.foodeals.ma\/blog\/wp-json\/wp\/v2\/posts"}],"about":[{"href":"https:\/\/www.foodeals.ma\/blog\/wp-json\/wp\/v2\/types\/post"}],"author":[{"embeddable":true,"href":"https:\/\/www.foodeals.ma\/blog\/wp-json\/wp\/v2\/users\/1"}],"replies":[{"embeddable":true,"href":"https:\/\/www.foodeals.ma\/blog\/wp-json\/wp\/v2\/comments?post=64"}],"version-history":[{"count":5,"href":"https:\/\/www.foodeals.ma\/blog\/wp-json\/wp\/v2\/posts\/64\/revisions"}],"predecessor-version":[{"id":167,"href":"https:\/\/www.foodeals.ma\/blog\/wp-json\/wp\/v2\/posts\/64\/revisions\/167"}],"wp:featuredmedia":[{"embeddable":true,"href":"https:\/\/www.foodeals.ma\/blog\/wp-json\/wp\/v2\/media\/158"}],"wp:attachment":[{"href":"https:\/\/www.foodeals.ma\/blog\/wp-json\/wp\/v2\/media?parent=64"}],"wp:term":[{"taxonomy":"category","embeddable":true,"href":"https:\/\/www.foodeals.ma\/blog\/wp-json\/wp\/v2\/categories?post=64"},{"taxonomy":"post_tag","embeddable":true,"href":"https:\/\/www.foodeals.ma\/blog\/wp-json\/wp\/v2\/tags?post=64"}],"curies":[{"name":"wp","href":"https:\/\/api.w.org\/{rel}","templated":true}]}}